{"id":606,"date":"2011-03-01T11:27:00","date_gmt":"2011-03-01T09:27:00","guid":{"rendered":"http:\/\/berta-online.org\/?p=606"},"modified":"2011-03-01T11:27:00","modified_gmt":"2011-03-01T09:27:00","slug":"fahrraddemo-gegen-repression-in-osterreich","status":"publish","type":"post","link":"https:\/\/berta-online.org\/?p=606","title":{"rendered":"Fahrraddemo gegen Repression in \u00d6sterreich"},"content":{"rendered":"<p><em>Ein Aufruf der uns erreichte und den wir unterst\u00fctzen m\u00f6chten:<\/em><\/p>\n<p>Die Fahrrademo gegen 278a und die Repressionen gegen die \u00f6sterreichischen Tiersch\u00fctzer_innen startet am Dienstag, den 01.03. um 16:00 an der Br\u00fccke \u00fcber den Kupfergraben (Unter den Linden Ecke Am Zeughaus) und endet vor der \u00f6sterreichischen Botschaft. Wir wollen uns dort um 15:45 mit Fahrr\u00e4dern(!!!), Schildern, Luftballons, Tr\u00f6ten u.s.w. treffen. Es w\u00e4re toll, wenn ihr in gestreifter Str\u00e4flingkleidung kommen k\u00f6nntet. Jede_r Kommende ist willkommen. Bringt eure Freunde und Freundinnen, egal ob Fleischesser_in oder nicht. Es geht nicht nur um Tierrechte, sondern auch um das Recht seine Meinung zu \u00e4u\u00dfern und sich zu wehren. Wir sind alle 278a.<\/p>\n","protected":false},"excerpt":{"rendered":"<p>Ein Aufruf der uns erreichte und den wir unterst\u00fctzen m\u00f6chten: Die Fahrrademo gegen 278a und die Repressionen gegen die \u00f6sterreichischen Tiersch\u00fctzer_innen startet am Dienstag, den 01.03. um 16:00 an der Br\u00fccke \u00fcber den Kupfergraben (Unter den Linden Ecke Am Zeughaus) &hellip; <a href=\"https:\/\/berta-online.org\/?p=606\">Weiterlesen <span class=\"meta-nav\">&rarr;<\/span><\/a><\/p>\n","protected":false},"author":10,"featured_media":0,"comment_status":"closed","ping_status":"open","sticky":false,"template":"","format":"standard","meta":{"footnotes":""},"categories":[1],"tags":[],"class_list":["post-606","post","type-post","status-publish","format-standard","hentry","category-allgemein"],"_links":{"self":[{"href":"https:\/\/berta-online.org\/index.php?rest_route=\/wp\/v2\/posts\/606","targetHints":{"allow":["GET"]}}],"collection":[{"href":"https:\/\/berta-online.org\/index.php?rest_route=\/wp\/v2\/posts"}],"about":[{"href":"https:\/\/berta-online.org\/index.php?rest_route=\/wp\/v2\/types\/post"}],"author":[{"embeddable":true,"href":"https:\/\/berta-online.org\/index.php?rest_route=\/wp\/v2\/users\/10"}],"replies":[{"embeddable":true,"href":"https:\/\/berta-online.org\/index.php?rest_route=%2Fwp%2Fv2%2Fcomments&post=606"}],"version-history":[{"count":4,"href":"https:\/\/berta-online.org\/index.php?rest_route=\/wp\/v2\/posts\/606\/revisions"}],"predecessor-version":[{"id":610,"href":"https:\/\/berta-online.org\/index.php?rest_route=\/wp\/v2\/posts\/606\/revisions\/610"}],"wp:attachment":[{"href":"https:\/\/berta-online.org\/index.php?rest_route=%2Fwp%2Fv2%2Fmedia&parent=606"}],"wp:term":[{"taxonomy":"category","embeddable":true,"href":"https:\/\/berta-online.org\/index.php?rest_route=%2Fwp%2Fv2%2Fcategories&post=606"},{"taxonomy":"post_tag","embeddable":true,"href":"https:\/\/berta-online.org\/index.php?rest_route=%2Fwp%2Fv2%2Ftags&post=606"}],"curies":[{"name":"wp","href":"https:\/\/api.w.org\/{rel}","templated":true}]}}