{"id":2755,"date":"2015-01-12T00:24:11","date_gmt":"2015-01-11T22:24:11","guid":{"rendered":"http:\/\/berta-online.org\/?p=2755"},"modified":"2015-01-12T00:34:38","modified_gmt":"2015-01-11T22:34:38","slug":"grune-woche-demaskieren-2015","status":"publish","type":"post","link":"https:\/\/berta-online.org\/?p=2755","title":{"rendered":"GR\u00dcNE WOCHE DEMASKIEREN 2015"},"content":{"rendered":"<p align=\"justify\">\nDas Aktionsb\u00fcndnis <i>Gr\u00fcne Woche demaskieren!<\/i> hat im Januar 2014 zum ersten Mal anl\u00e4sslich der Messe <i>Internationale Gr\u00fcne Woche<\/i> mit vielen kreativen und bunten Aktionen gegen das heutige Landwirtschafts- und Ern\u00e4hrungssystem protestiert.\n<\/p>\n<p><b>Warum gegen die Gr\u00fcne Woche?<\/b><\/p>\n<p align=\"justify\">\nAls weltgr\u00f6\u00dfte Messe f\u00fcr Ern\u00e4hrung, Landwirtschaft und Gartenbau steht die <i>Gr\u00fcne Woche<\/i> f\u00fcr all die Unterdr\u00fcckung, Tierausbeutung und Umweltzerst\u00f6rung des kapitalistischen Landwirtschaftssystems. Die <i>Gr\u00fcne Woche<\/i> bedeutet jedes Jahr zehn Tage Propaganda und Werbung f\u00fcr eine ausbeuterische und umweltzerst\u00f6rerische (Land-)Wirtschaft \u2013 ein Landwirtschaftssystem, das auf die Bed\u00fcrfnisse und das Wohlergehen von Mensch und Tier pfeift, die Grundlage f\u00fcr alles Leben auf diesem<br \/>\nPlaneten zerst\u00f6rt und einzig am Profit f\u00fcr Wenige interessiert ist.\n<\/p>\n<p><b>Beteiligt euch auch 2015!<\/b><\/p>\n<p align=\"justify\">\nAuch 2015 findet die <i>Gr\u00fcne Woche<\/i> vom 16. bis 25. Januar auf dem Messegel\u00e4nde Berlin statt. Auch dann wollen wir wieder mit eigenen Informations- und Protestveranstaltungen gegen diese uns\u00e4gliche Propaganda vorgehen.<br \/>\nWir, die aufrufenden Aktiven und Gruppen, fokussieren in unserem politischen Alltag vor allem den Kampf gegen Tierausbeutung. W\u00e4hrend der <i>Gr\u00fcnen Woche<\/i> nimmt die Pr\u00e4sentation von Tierhaltung einen bedeutenden Platz ein und bietet so Ankn\u00fcpfungspunkte f\u00fcr Protest und Widerstand gegen die grauenhafte weltweite Unterdr\u00fcckung und Ausbeutung von Milliarden von f\u00fchlenden Individuen.<br \/>\nDar\u00fcber hinaus m\u00f6chten wir andere Aktive und Gruppen motivieren, eigene Aktionen zu ihren bevorzugten Themenschwerpunkten zu organisieren. Denn nicht nur die Tierausbeutung gilt es in der kapitalistischen Landwirtschaft zu kritisieren. Es gibt genug Ankn\u00fcpfungspunkte f\u00fcr zahlreiche Proteste gegen die <i>Gr\u00fcne Woche<\/i>. So soll auch 2015 wieder ein buntes Ensemble sich erg\u00e4nzender Aktionen mit unterschiedlichen Blickwinkeln und Kommunikationsstrategien am Messegel\u00e4nde entstehen. Wenn ihr euch beteiligen wollt, lest bitte hier<br \/>\n<a href=\"http:\/\/gruene-woche-demaskieren.de\/was-ist-uns-wichtig\/\" target=\"_blank\">http:\/\/gruene-woche-demaskieren.de\/was-ist-uns-wichtig\/<\/a>,<br \/>\nwas uns wichtig ist.\n<\/p>\n<p><b>Wie k\u00f6nnt ihr aktiv werden?<\/b><\/p>\n<p align=\"justify\">\nWenn ihr mit Euren Freund*innen, mit eurer Gruppe oder als einzeln Aktive Lust habt, selbst etwas nach Eurem Geschmack zu organisieren, k\u00fcndigen wir eure Aktion im Vorfeld auf der Aktionswochen-Website gerne an und mobilisieren daf\u00fcr. Meldet euch daf\u00fcr oder wenn Ihr mit uns zusammen am organisatorischen Rahmen der Aktionswoche arbeiten wollt gerne einfach bei aktionen-gruene-woche@riseup.net.\n<\/p>\n<p align=\"justify\">\nF\u00fcr ein kraftvolles und wahrnehmbares politisches Signal gegen die allumfassende Ausbeutung von Tier, Mensch und Umwelt im kapitalistischen System!\n<\/p>\n<p>Mehr Infos unter: <a href=\"http:\/\/gruene-woche-demaskieren.de\/\" target=\"_blank\">http:\/\/gruene-woche-demaskieren.de\/<\/a><\/p>\n","protected":false},"excerpt":{"rendered":"<p>Das Aktionsb\u00fcndnis Gr\u00fcne Woche demaskieren! hat im Januar 2014 zum ersten Mal anl\u00e4sslich der Messe Internationale Gr\u00fcne Woche mit vielen kreativen und bunten Aktionen gegen das heutige Landwirtschafts- und Ern\u00e4hrungssystem protestiert. Warum gegen die Gr\u00fcne Woche? Als weltgr\u00f6\u00dfte Messe f\u00fcr &hellip; <a href=\"https:\/\/berta-online.org\/?p=2755\">Weiterlesen <span class=\"meta-nav\">&rarr;<\/span><\/a><\/p>\n","protected":false},"author":10,"featured_media":0,"comment_status":"closed","ping_status":"open","sticky":false,"template":"","format":"standard","meta":{"footnotes":""},"categories":[1],"tags":[],"class_list":["post-2755","post","type-post","status-publish","format-standard","hentry","category-allgemein"],"_links":{"self":[{"href":"https:\/\/berta-online.org\/index.php?rest_route=\/wp\/v2\/posts\/2755","targetHints":{"allow":["GET"]}}],"collection":[{"href":"https:\/\/berta-online.org\/index.php?rest_route=\/wp\/v2\/posts"}],"about":[{"href":"https:\/\/berta-online.org\/index.php?rest_route=\/wp\/v2\/types\/post"}],"author":[{"embeddable":true,"href":"https:\/\/berta-online.org\/index.php?rest_route=\/wp\/v2\/users\/10"}],"replies":[{"embeddable":true,"href":"https:\/\/berta-online.org\/index.php?rest_route=%2Fwp%2Fv2%2Fcomments&post=2755"}],"version-history":[{"count":9,"href":"https:\/\/berta-online.org\/index.php?rest_route=\/wp\/v2\/posts\/2755\/revisions"}],"predecessor-version":[{"id":2758,"href":"https:\/\/berta-online.org\/index.php?rest_route=\/wp\/v2\/posts\/2755\/revisions\/2758"}],"wp:attachment":[{"href":"https:\/\/berta-online.org\/index.php?rest_route=%2Fwp%2Fv2%2Fmedia&parent=2755"}],"wp:term":[{"taxonomy":"category","embeddable":true,"href":"https:\/\/berta-online.org\/index.php?rest_route=%2Fwp%2Fv2%2Fcategories&post=2755"},{"taxonomy":"post_tag","embeddable":true,"href":"https:\/\/berta-online.org\/index.php?rest_route=%2Fwp%2Fv2%2Ftags&post=2755"}],"curies":[{"name":"wp","href":"https:\/\/api.w.org\/{rel}","templated":true}]}}